{"id":5068,"date":"2017-03-07T17:42:13","date_gmt":"2017-03-07T16:42:13","guid":{"rendered":"http:\/\/www.acs-ami.com\/fr\/blog\/?p=5068"},"modified":"2024-02-09T14:42:23","modified_gmt":"2024-02-09T13:42:23","slug":"rachel-decouverte-monde","status":"publish","type":"post","link":"https:\/\/www.acs-ami.com\/fr\/blog\/revue-de-presse-assurance\/rachel-decouverte-monde\/","title":{"rendered":"Rachel \u00e0 la d\u00e9couverte du monde !"},"content":{"rendered":"<p><img decoding=\"async\" class=\"alignright size-full wp-image-5072\" src=\"https:\/\/www.acs-ami.com\/fr\/blog\/wp-content\/uploads\/2017\/03\/rachel-decouverte-mondeteotihuacan-mexique.jpg\" alt=\"Rachel d\u00e9couverte monde Teotihuacan Mexique\" width=\"750\" height=\"563\" srcset=\"https:\/\/www.acs-ami.com\/fr\/blog\/wp-content\/uploads\/2017\/03\/rachel-decouverte-mondeteotihuacan-mexique.jpg 750w, https:\/\/www.acs-ami.com\/fr\/blog\/wp-content\/uploads\/2017\/03\/rachel-decouverte-mondeteotihuacan-mexique-300x225.jpg 300w\" sizes=\"(max-width: 750px) 100vw, 750px\" \/> Chez ACS, nous aimons les projets originaux qui nous font voyager \u00e0 travers le monde. Aujourd\u2019hui, nous vous invitons \u00e0 d\u00e9couvrir\u00a0le projet de vie de Rachel, qui tente l&rsquo;aventure de digitale nomade .\u00a0<\/p>\n<h2>Une petite pr\u00e9sentation ?\u00a0<\/h2>\n<p>Bonjour, je suis Rachel, fondatrice du blog voyage D\u00e9couverte Monde. Je suis une jeune femme dans la mi-trentaine \u00e0 l\u2019accent un peu exotique, pour vous du moins. \ud83d\ude42\u00a0\u00a0<\/p>\n<p>Je suis originaire du <a href=\"https:\/\/www.acs-ami.com\/fr\/blog\/destinations\/quebec-lieux-touristiques-a-ne-pas-rater\/\">Qu\u00e9bec<\/a>, au Canada. G\u00e9ographe de formation, je travaille comme directrice d\u2019une organisation sociale en volontariat \u00e0 Montr\u00e9al depuis six ans. Je suis pr\u00e9sentement en ann\u00e9e sabbatique pour voyager et travailler davantage sur mon blog que je tiens depuis bient\u00f4t quatre ans. Un futur m\u00e9tier \u00e0 part enti\u00e8re\u00a0? Peut-\u00eatre bien\u2026 l\u2019avenir nous le dira\u00a0!<\/p>\n<p>Comme vous pouvez vous en douter, je suis \u00e9galement prise de ce qu\u2019on appelle la piq\u00fbre du voyage. Je voyage depuis plus de 10 ans maintenant apr\u00e8s avoir \u00e9t\u00e9 initi\u00e9e lors d\u2019un projet en <a href=\"https:\/\/www.acs-ami.com\/fr\/blog\/destinations\/voyager-en-argentine\/\">Argentine<\/a> avec mon baccalaur\u00e9at. Depuis, ma vie est compos\u00e9e d\u2019aventures, parfois plus courtes, parfois plus longues, aux quatre coins du globe et dans ma province que j\u2019affectionne particuli\u00e8rement.<\/p>\n<p><img decoding=\"async\" class=\"alignright size-full wp-image-5076\" src=\"https:\/\/www.acs-ami.com\/fr\/blog\/wp-content\/uploads\/2017\/03\/hydra-grece.jpg\" alt=\"Rachel D\u00e9couverte Monde Hydra Grece\" width=\"750\" height=\"563\" srcset=\"https:\/\/www.acs-ami.com\/fr\/blog\/wp-content\/uploads\/2017\/03\/hydra-grece.jpg 750w, https:\/\/www.acs-ami.com\/fr\/blog\/wp-content\/uploads\/2017\/03\/hydra-grece-300x225.jpg 300w\" sizes=\"(max-width: 750px) 100vw, 750px\" \/><\/p>\n<h2>Comment est venue l&rsquo;id\u00e9e de ce long voyage ?<\/h2>\n<p>En fait, cette id\u00e9e de partir pour une longue p\u00e9riode murit et se pr\u00e9pare depuis quelques ann\u00e9es. Je n\u2019en suis pas \u00e0 mon premier <a href=\"https:\/\/www.acs-ami.com\/fr\/blog\/guide-voyage\/preparer-un-long-voyage\/\">long voyage<\/a>, mais depuis les six derni\u00e8res ann\u00e9es, j\u2019essayais de concilier ma carri\u00e8re avec mes nombreux voyages.<\/p>\n<p>\u00c0 mes premiers voyages, j\u2019encha\u00eenais les destinations et les lieux \u00e0 visiter. J\u2019avais comme cette crainte de n\u2019avoir pas suffisamment de temps pour voir et vivre tout ce que je voulais. Depuis ces derni\u00e8res ann\u00e9es, j\u2019avais comme ce besoin de ralentir le rythme. De ne plus voir le voyage comme un encha\u00eenement de lieux \u00e0 visiter, m\u00eame si je le fais toujours un peu quand m\u00eame, mais de prendre mon temps. De ressentir ce sentiment que le temps n\u2019est pas compt\u00e9 et que je peux prendre des journ\u00e9es de repos, me poser deux semaines au m\u00eame endroit et m\u00eame faire du volontariat sur place.<\/p>\n<p>Un besoin que le voyage soit partie int\u00e9grante de mon quotidien et non pas d\u00e9fini dans un laps de temps avec une liste de destinations \u00e0 cocher. En quelque sorte, j\u2019adh\u00e9rais \u00e0 devenir nomade et que mon travail puisse me suivre partout o\u00f9 j\u2019irais. Je ne suis donc pas en vacances ou en voyage en tour du monde comme certains le font. Je suis plut\u00f4t en ann\u00e9e sabbatique pour tester un nouveau mode de vie qui allie le travail et le voyage et o\u00f9 je me laisse aller par les opportunit\u00e9s et mes envies.<\/p>\n<h2>Quel est le programme ?\u00a0<\/h2>\n<p>Pas vraiment en fait\u00a0! Au d\u00e9part, je voulais prendre une ann\u00e9e sabbatique pour faire un grand tour de l\u2019Asie en parcourant, entre autres, la Route de la Soie. Les plans ont finalement chang\u00e9 et j\u2019ai plut\u00f4t d\u00e9cid\u00e9 de trimbaler mon sac d\u2019abord au <a href=\"https:\/\/www.acs-ami.com\/fr\/blog\/guide-voyage\/voyager-au-mexique\/\">Mexique<\/a> et en Am\u00e9rique Centrale.<\/p>\n<p><img decoding=\"async\" class=\"alignright size-full wp-image-5075\" src=\"https:\/\/www.acs-ami.com\/fr\/blog\/wp-content\/uploads\/2017\/03\/hierve-el-agua-mexique.jpg\" alt=\"Rachel D\u00e9couverte Monde Hierve el agua Mexique\" width=\"750\" height=\"563\" srcset=\"https:\/\/www.acs-ami.com\/fr\/blog\/wp-content\/uploads\/2017\/03\/hierve-el-agua-mexique.jpg 750w, https:\/\/www.acs-ami.com\/fr\/blog\/wp-content\/uploads\/2017\/03\/hierve-el-agua-mexique-300x225.jpg 300w\" sizes=\"(max-width: 750px) 100vw, 750px\" \/><\/p>\n<p>Comme je n\u2019ai pas de plan d\u00e9fini, les opportunit\u00e9s de la vie ont fait que j\u2019ai commenc\u00e9 par un road trip entre filles de Montr\u00e9al \u00e0 la Nouvelle-Orl\u00e9ans au d\u00e9but de mois de janvier dernier.<\/p>\n<p>Au Mexique depuis plus de 1 mois et demi, je pars\u00a0maintenant pour les prochains mois en Am\u00e9rique Centrale. Quels pays ? Combien de temps\u00a0? Je ne sais pas trop. Probablement le <a href=\"https:\/\/www.acs-ami.com\/fr\/blog\/guide-voyage\/voyager-au-guatemala\/\">Guatemala<\/a>, le Nicaragua, le Salvador et le Honduras jusqu\u2019\u00e0 la fin juin. Mais je n\u2019ai rien de pr\u00e9cis encore. Mon parcours se d\u00e9finit au fur et \u00e0 mesure.<\/p>\n<p>J\u2019aimerais aussi retourner un peu au Qu\u00e9bec durant l\u2019\u00e9t\u00e9 pour voir ma famille et mes amis avant de reprendre la route vers l\u2019Asie en automne. Philippines, Indon\u00e9sie, Myanmar, <a href=\"https:\/\/www.acs-ami.com\/fr\/blog\/destinations\/la-thailande-paradis-pour-les-francais\/\">Tha\u00eflande<\/a> et peut-\u00eatre bien, l\u2019Asie Centrale. On verra bien\u00a0! C\u2019est la beaut\u00e9 de ce voyage en fait et la raison pour laquelle je ne ressentais aucun stress avant d\u00e9part. Je pars quand je veux et o\u00f9 je veux et je reviens quand bon me semble.\u00a0<\/p>\n<h2>Un voyage aussi long, est-ce une premi\u00e8re ?\u00a0<\/h2>\n<p>Aussi longtemps, oui c\u2019est une premi\u00e8re. Je suis d\u00e9j\u00e0 partie quatre mois en Asie du Sud-Est, cinq mois en van dans l\u2019Ouest canadien et am\u00e9ricain, deux autres mois en Asie et plusieurs voyages d\u2019un mois. Je suis d\u00e9j\u00e0 partie en ayant en t\u00eate de partir plus d\u2019un an. En 2010, je suis partie vivre en Irlande avec un visa vacances-travail en poche dans l\u2019espoir d\u2019y travailler et de voyager ensuite en Europe. Malheureusement, avec la crise \u00e9conomique qui frappait dur \u00e0 ce moment et mon anglais plut\u00f4t sommaire, je suis revenue chez moi un peu bredouille apr\u00e8s un mois et demi. Mais ce fut tout de m\u00eame une aventure extraordinaire.<\/p>\n<h2>Pourquoi l\u2019Am\u00e9rique Centrale ?<\/h2>\n<p>C&rsquo;est\u00a0une bonne question, car j\u2019y ai d\u00e9j\u00e0 mis les pieds \u00e0 quelques reprises d\u00e9j\u00e0. Peut-\u00eatre justement pour ce sentiment d\u2019\u00eatre en terre connue pour bien commencer mon nouveau mode de vie de digitale nomade. Je savais que je ne gal\u00e8rerais pas trop avec les connexions internet, que le co\u00fbt de la vie est abordable et que la langue ne causerait pas de probl\u00e8me. Je comprends un peu l\u2019espagnol et je peux baragouiner quelques phrases. C\u2019est une belle occasion aussi de d\u00e9velopper encore plus cette belle langue. Et aussi, parce que j\u2019aime la culture de ces pays, le climat et les beaux paysages. Quand je suis partie en janvier, c\u2019\u00e9tait en plein mois d\u2019hiver au Qu\u00e9bec. Alors, c\u2019est plut\u00f4t agr\u00e9able de rejoindre des destinations o\u00f9 la chaleur est g\u00e9n\u00e9ralement au rendez-vous.<\/p>\n<p><img decoding=\"async\" class=\"alignright size-full wp-image-5074\" src=\"https:\/\/www.acs-ami.com\/fr\/blog\/wp-content\/uploads\/2017\/03\/san-juan-del-sur-nicaragua.jpg\" alt=\"Rachel d\u00e9couverte monde San Juan del sur Nicaragua\" width=\"750\" height=\"563\" srcset=\"https:\/\/www.acs-ami.com\/fr\/blog\/wp-content\/uploads\/2017\/03\/san-juan-del-sur-nicaragua.jpg 750w, https:\/\/www.acs-ami.com\/fr\/blog\/wp-content\/uploads\/2017\/03\/san-juan-del-sur-nicaragua-300x225.jpg 300w\" sizes=\"(max-width: 750px) 100vw, 750px\" \/><\/p>\n<h2>Le projet a-t-il \u00e9t\u00e9 facile \u00e0 concr\u00e9tiser ?<\/h2>\n<p>Les choses se sont bien encha\u00een\u00e9es, m\u00eame si ce ne fut pas si facile. Cela faisait d\u00e9j\u00e0 quelques ann\u00e9es que je planifiais ce voyage. J\u2019ai travaill\u00e9 tr\u00e8s dur pour d\u00e9velopper mon blog et me faire conna\u00eetre dans le domaine du voyage afin d\u2019en faire un m\u00e9tier. J\u2019ai d\u00fb \u00e9conomiser des sous pour me permettre de partir confortablement, sans tracas financier si mes activit\u00e9s professionnelles ne fonctionnaient pas en cours de route. Ce besoin de voyage m\u2019aura co\u00fbt\u00e9 une relation de plusieurs ann\u00e9es ainsi que la vente de mon appartement. J\u2019ai donc d\u00fb faire des choix par la suite qui pr\u00e9parait mon d\u00e9part, comme me trouver un appartement sans bail \u00e0 location mensuelle.<\/p>\n<p>Comme j\u2019avais pr\u00e9par\u00e9 mes sup\u00e9rieurs il y a quelques ann\u00e9es \u00e0 mon ann\u00e9e sabbatique, l\u2019annonce s\u2019est bien pass\u00e9e. Mais le plus difficile fut de m\u2019assurer d\u2019avoir une rel\u00e8ve en qui je pouvais mettre ma confiance pour prendre les r\u00eanes de l\u2019organisme et m\u2019assurer de faire la transition correctement.<\/p>\n<p>Mais pour la planification du voyage en tant que tel, tout fut simple. J\u2019avais d\u00e9j\u00e0 tous mes vaccins, tout mon mat\u00e9riel de voyage. Et comme je partais sans itin\u00e9raire, cela n\u00e9cessitait peu de pr\u00e9paration. Avant de partir, mon plus gros tracas demeurait de trouver une gardienne pour mon chat. Merci \u00e0 cette derni\u00e8re de m\u2019avoir all\u00e9g\u00e9 en prenant sous son aile mon adorable boule de poil !\u00a0<\/p>\n<h2>Quelques appr\u00e9hensions sur ce voyage ?<\/h2>\n<p>Comme je voyage depuis longtemps, je n\u2019ai pas d\u2019appr\u00e9hension sur le voyage en tant que tel dans la mani\u00e8re qu\u2019il se vit. Je dirais que mes plus grosses pr\u00e9occupations \u00e9taient de concilier voyage et travail sans m\u2019\u00e9puiser. Je sais que j\u2019ai tendance \u00e0 vouloir voir plein de choses, mais je dois prendre du temps pour travailler. Donc le rythme est un peu diff\u00e9rent.<\/p>\n<p>Sinon, je dirais aussi essayer de respecter mon budget quotidien. C\u2019est un d\u00e9fi, mais j\u2019y arrive plut\u00f4t bien. Par contre, \u00e0 chacun de mes d\u00e9parts, j\u2019ai toujours un peu la crainte qu\u2019il arrive quelque chose aux gens que j\u2019aime alors que je suis loin. C\u2019est probablement la chose qui m\u2019effraie le plus lorsque je suis en voyage.<\/p>\n<p><img decoding=\"async\" class=\"alignright size-full wp-image-5073\" src=\"https:\/\/www.acs-ami.com\/fr\/blog\/wp-content\/uploads\/2017\/03\/route-de-la-soie-chine.jpg\" alt=\"Rachel d\u00e9couverte monde route de la soie Chine\" width=\"750\" height=\"563\" srcset=\"https:\/\/www.acs-ami.com\/fr\/blog\/wp-content\/uploads\/2017\/03\/route-de-la-soie-chine.jpg 750w, https:\/\/www.acs-ami.com\/fr\/blog\/wp-content\/uploads\/2017\/03\/route-de-la-soie-chine-300x225.jpg 300w\" sizes=\"(max-width: 750px) 100vw, 750px\" \/><\/p>\n<p><em>Pour suivre les\u00a0aventures de Rachel, vous pouvez visiter <a href=\"https:\/\/www.facebook.com\/decouvertemonde.blog\/\" target=\"_blank\" rel=\"noopener\">sa page Facebook <\/a>et <a href=\"https:\/\/www.instagram.com\/decouverte_monde_travelblog\/\" target=\"_blank\" rel=\"noopener\">son compte Instagram<\/a> \u00a0o\u00f9 elle partage \u00e9galement des Instagram Stories. Rendez-vous \u00e9galement sur\u00a0<a href=\"http:\/\/www.decouvertemonde.com\" target=\"_blank\" rel=\"noopener\">le blog voyage D\u00e9couverte Monde<\/a> pour voir ses r\u00e9cits, photos et tous ses bons plans et astuces sur chacun des lieux visit\u00e9s. Vous pouvez aussi d\u00e9couvrir les spots cach\u00e9s de Rachel sur la nouvelle application voyage Hidden Place dont\u00a0elle est\u00a0ambassadrice \u263aOn s\u2019y rejoint\u00a0?<\/em><\/p>\n","protected":false},"excerpt":{"rendered":"<p>Chez ACS, nous aimons les projets originaux qui nous font voyager \u00e0 travers le monde. Aujourd\u2019hui, nous vous invitons \u00e0 d\u00e9couvrir\u00a0le projet de vie de Rachel, qui tente l&rsquo;aventure de digitale nomade .\u00a0 Une petite pr\u00e9sentation ?\u00a0 Bonjour, je suis Rachel, fondatrice du blog voyage D\u00e9couverte Monde. Je suis une jeune femme dans la mi-trentaine [&hellip;]<\/p>\n","protected":false},"author":4,"featured_media":0,"comment_status":"open","ping_status":"open","sticky":false,"template":"","format":"standard","meta":{"_genesis_hide_title":false,"_genesis_hide_breadcrumbs":false,"_genesis_hide_singular_image":false,"_genesis_hide_footer_widgets":false,"_genesis_custom_body_class":"","_genesis_custom_post_class":"","_genesis_layout":"","footnotes":""},"categories":[9],"tags":[],"class_list":{"0":"post-5068","1":"post","2":"type-post","3":"status-publish","4":"format-standard","6":"category-revue-de-presse-assurance","7":"entry","8":"has-post-thumbnail"},"yoast_head":"<!-- This site is optimized with the Yoast SEO Premium plugin v26.3 (Yoast SEO v26.3) - https:\/\/yoast.com\/wordpress\/plugins\/seo\/ -->\n<title>Rachel \u00e0 la d\u00e9couverte du monde<\/title>\n<meta name=\"description\" content=\"D\u00e9couvrez Rachel qui tente l&#039;aventure en devenant digitale nomade ! D\u00e9couvrez son interview et son projet en Am\u00e9rique et en Asie.\" \/>\n<meta name=\"robots\" content=\"index, follow, max-snippet:-1, max-image-preview:large, max-video-preview:-1\" \/>\n<link rel=\"canonical\" href=\"https:\/\/www.acs-ami.com\/fr\/blog\/revue-de-presse-assurance\/rachel-decouverte-monde\/\" \/>\n<meta property=\"og:locale\" content=\"fr_FR\" \/>\n<meta property=\"og:type\" content=\"article\" \/>\n<meta property=\"og:title\" content=\"Rachel \u00e0 la d\u00e9couverte du monde !\" \/>\n<meta property=\"og:description\" content=\"D\u00e9couvrez Rachel qui tente l&#039;aventure en devenant digitale nomade ! D\u00e9couvrez son interview et son projet en Am\u00e9rique et en Asie.\" \/>\n<meta property=\"og:url\" content=\"https:\/\/www.acs-ami.com\/fr\/blog\/revue-de-presse-assurance\/rachel-decouverte-monde\/\" \/>\n<meta property=\"og:site_name\" content=\"ACS - Conseils pour voyageurs et expatri\u00e9s\" \/>\n<meta property=\"article:publisher\" content=\"https:\/\/www.facebook.com\/acs.assurances\" \/>\n<meta property=\"article:published_time\" content=\"2017-03-07T16:42:13+00:00\" \/>\n<meta property=\"article:modified_time\" content=\"2024-02-09T13:42:23+00:00\" \/>\n<meta property=\"og:image\" content=\"https:\/\/www.acs-ami.com\/fr\/blog\/wp-content\/uploads\/2017\/03\/rachel-decouverte-mondeteotihuacan-mexique.jpg\" \/>\n<meta name=\"author\" content=\"Sharone - ACS\" \/>\n<meta name=\"twitter:card\" content=\"summary_large_image\" \/>\n<meta name=\"twitter:creator\" content=\"@Acs_Assurances\" \/>\n<meta name=\"twitter:site\" content=\"@Acs_Assurances\" \/>\n<meta name=\"twitter:label1\" content=\"\u00c9crit par\" \/>\n\t<meta name=\"twitter:data1\" content=\"Sharone - ACS\" \/>\n\t<meta name=\"twitter:label2\" content=\"Dur\u00e9e de lecture estim\u00e9e\" \/>\n\t<meta name=\"twitter:data2\" content=\"8 minutes\" \/>\n<!-- \/ Yoast SEO Premium plugin. -->","yoast_head_json":{"title":"Rachel \u00e0 la d\u00e9couverte du monde","description":"D\u00e9couvrez Rachel qui tente l'aventure en devenant digitale nomade ! D\u00e9couvrez son interview et son projet en Am\u00e9rique et en Asie.","robots":{"index":"index","follow":"follow","max-snippet":"max-snippet:-1","max-image-preview":"max-image-preview:large","max-video-preview":"max-video-preview:-1"},"canonical":"https:\/\/www.acs-ami.com\/fr\/blog\/revue-de-presse-assurance\/rachel-decouverte-monde\/","og_locale":"fr_FR","og_type":"article","og_title":"Rachel \u00e0 la d\u00e9couverte du monde !","og_description":"D\u00e9couvrez Rachel qui tente l'aventure en devenant digitale nomade ! D\u00e9couvrez son interview et son projet en Am\u00e9rique et en Asie.","og_url":"https:\/\/www.acs-ami.com\/fr\/blog\/revue-de-presse-assurance\/rachel-decouverte-monde\/","og_site_name":"ACS - Conseils pour voyageurs et expatri\u00e9s","article_publisher":"https:\/\/www.facebook.com\/acs.assurances","article_published_time":"2017-03-07T16:42:13+00:00","article_modified_time":"2024-02-09T13:42:23+00:00","og_image":[{"url":"https:\/\/www.acs-ami.com\/fr\/blog\/wp-content\/uploads\/2017\/03\/rachel-decouverte-mondeteotihuacan-mexique.jpg","type":"","width":"","height":""}],"author":"Sharone - ACS","twitter_card":"summary_large_image","twitter_creator":"@Acs_Assurances","twitter_site":"@Acs_Assurances","twitter_misc":{"\u00c9crit par":"Sharone - ACS","Dur\u00e9e de lecture estim\u00e9e":"8 minutes"},"schema":{"@context":"https:\/\/schema.org","@graph":[{"@type":"Article","@id":"https:\/\/www.acs-ami.com\/fr\/blog\/revue-de-presse-assurance\/rachel-decouverte-monde\/#article","isPartOf":{"@id":"https:\/\/www.acs-ami.com\/fr\/blog\/revue-de-presse-assurance\/rachel-decouverte-monde\/"},"author":{"name":"Sharone - ACS","@id":"https:\/\/www.acs-ami.com\/fr\/blog\/#\/schema\/person\/791b3e71e0f5dea76a3de01679b774f2"},"headline":"Rachel \u00e0 la d\u00e9couverte du monde !","datePublished":"2017-03-07T16:42:13+00:00","dateModified":"2024-02-09T13:42:23+00:00","mainEntityOfPage":{"@id":"https:\/\/www.acs-ami.com\/fr\/blog\/revue-de-presse-assurance\/rachel-decouverte-monde\/"},"wordCount":1503,"commentCount":0,"publisher":{"@id":"https:\/\/www.acs-ami.com\/fr\/blog\/#organization"},"image":{"@id":"https:\/\/www.acs-ami.com\/fr\/blog\/revue-de-presse-assurance\/rachel-decouverte-monde\/#primaryimage"},"thumbnailUrl":"https:\/\/www.acs-ami.com\/fr\/blog\/wp-content\/uploads\/2017\/03\/rachel-decouverte-mondeteotihuacan-mexique.jpg","articleSection":["\u00c0 la une"],"inLanguage":"fr-FR","potentialAction":[{"@type":"CommentAction","name":"Comment","target":["https:\/\/www.acs-ami.com\/fr\/blog\/revue-de-presse-assurance\/rachel-decouverte-monde\/#respond"]}]},{"@type":"WebPage","@id":"https:\/\/www.acs-ami.com\/fr\/blog\/revue-de-presse-assurance\/rachel-decouverte-monde\/","url":"https:\/\/www.acs-ami.com\/fr\/blog\/revue-de-presse-assurance\/rachel-decouverte-monde\/","name":"Rachel \u00e0 la d\u00e9couverte du monde","isPartOf":{"@id":"https:\/\/www.acs-ami.com\/fr\/blog\/#website"},"primaryImageOfPage":{"@id":"https:\/\/www.acs-ami.com\/fr\/blog\/revue-de-presse-assurance\/rachel-decouverte-monde\/#primaryimage"},"image":{"@id":"https:\/\/www.acs-ami.com\/fr\/blog\/revue-de-presse-assurance\/rachel-decouverte-monde\/#primaryimage"},"thumbnailUrl":"https:\/\/www.acs-ami.com\/fr\/blog\/wp-content\/uploads\/2017\/03\/rachel-decouverte-mondeteotihuacan-mexique.jpg","datePublished":"2017-03-07T16:42:13+00:00","dateModified":"2024-02-09T13:42:23+00:00","description":"D\u00e9couvrez Rachel qui tente l'aventure en devenant digitale nomade ! D\u00e9couvrez son interview et son projet en Am\u00e9rique et en Asie.","breadcrumb":{"@id":"https:\/\/www.acs-ami.com\/fr\/blog\/revue-de-presse-assurance\/rachel-decouverte-monde\/#breadcrumb"},"inLanguage":"fr-FR","potentialAction":[{"@type":"ReadAction","target":["https:\/\/www.acs-ami.com\/fr\/blog\/revue-de-presse-assurance\/rachel-decouverte-monde\/"]}]},{"@type":"ImageObject","inLanguage":"fr-FR","@id":"https:\/\/www.acs-ami.com\/fr\/blog\/revue-de-presse-assurance\/rachel-decouverte-monde\/#primaryimage","url":"https:\/\/www.acs-ami.com\/fr\/blog\/wp-content\/uploads\/2017\/03\/rachel-decouverte-mondeteotihuacan-mexique.jpg","contentUrl":"https:\/\/www.acs-ami.com\/fr\/blog\/wp-content\/uploads\/2017\/03\/rachel-decouverte-mondeteotihuacan-mexique.jpg","width":750,"height":563,"caption":"Rachel d\u00e9couverte monde Teotihuacan Mexique"},{"@type":"BreadcrumbList","@id":"https:\/\/www.acs-ami.com\/fr\/blog\/revue-de-presse-assurance\/rachel-decouverte-monde\/#breadcrumb","itemListElement":[{"@type":"ListItem","position":1,"name":"Blog ACS","item":"https:\/\/www.acs-ami.com\/fr\/blog\/"},{"@type":"ListItem","position":2,"name":"\u00c0 la une","item":"https:\/\/www.acs-ami.com\/fr\/blog\/revue-de-presse-assurance\/"},{"@type":"ListItem","position":3,"name":"Rachel \u00e0 la d\u00e9couverte du monde !"}]},{"@type":"WebSite","@id":"https:\/\/www.acs-ami.com\/fr\/blog\/#website","url":"https:\/\/www.acs-ami.com\/fr\/blog\/","name":"ACS - Conseils pour voyageurs et expatri\u00e9s","description":"Conseils pour voyageurs et expatri\u00e9s","publisher":{"@id":"https:\/\/www.acs-ami.com\/fr\/blog\/#organization"},"potentialAction":[{"@type":"SearchAction","target":{"@type":"EntryPoint","urlTemplate":"https:\/\/www.acs-ami.com\/fr\/blog\/?s={search_term_string}"},"query-input":{"@type":"PropertyValueSpecification","valueRequired":true,"valueName":"search_term_string"}}],"inLanguage":"fr-FR"},{"@type":"Organization","@id":"https:\/\/www.acs-ami.com\/fr\/blog\/#organization","name":"ACS","url":"https:\/\/www.acs-ami.com\/fr\/blog\/","logo":{"@type":"ImageObject","inLanguage":"fr-FR","@id":"https:\/\/www.acs-ami.com\/fr\/blog\/#\/schema\/logo\/image\/","url":"https:\/\/www.acs-ami.com\/fr\/blog\/wp-content\/uploads\/2020\/05\/logo-acs-schema.png","contentUrl":"https:\/\/www.acs-ami.com\/fr\/blog\/wp-content\/uploads\/2020\/05\/logo-acs-schema.png","width":2997,"height":1023,"caption":"ACS"},"image":{"@id":"https:\/\/www.acs-ami.com\/fr\/blog\/#\/schema\/logo\/image\/"},"sameAs":["https:\/\/www.facebook.com\/acs.assurances","https:\/\/x.com\/Acs_Assurances","https:\/\/www.instagram.com\/acsassurances\/"]},{"@type":"Person","@id":"https:\/\/www.acs-ami.com\/fr\/blog\/#\/schema\/person\/791b3e71e0f5dea76a3de01679b774f2","name":"Sharone - ACS","sameAs":["https:\/\/www.acs-ami.com\/"]}]}},"_links":{"self":[{"href":"https:\/\/www.acs-ami.com\/fr\/blog\/wp-json\/wp\/v2\/posts\/5068","targetHints":{"allow":["GET"]}}],"collection":[{"href":"https:\/\/www.acs-ami.com\/fr\/blog\/wp-json\/wp\/v2\/posts"}],"about":[{"href":"https:\/\/www.acs-ami.com\/fr\/blog\/wp-json\/wp\/v2\/types\/post"}],"author":[{"embeddable":true,"href":"https:\/\/www.acs-ami.com\/fr\/blog\/wp-json\/wp\/v2\/users\/4"}],"replies":[{"embeddable":true,"href":"https:\/\/www.acs-ami.com\/fr\/blog\/wp-json\/wp\/v2\/comments?post=5068"}],"version-history":[{"count":3,"href":"https:\/\/www.acs-ami.com\/fr\/blog\/wp-json\/wp\/v2\/posts\/5068\/revisions"}],"predecessor-version":[{"id":11035,"href":"https:\/\/www.acs-ami.com\/fr\/blog\/wp-json\/wp\/v2\/posts\/5068\/revisions\/11035"}],"wp:attachment":[{"href":"https:\/\/www.acs-ami.com\/fr\/blog\/wp-json\/wp\/v2\/media?parent=5068"}],"wp:term":[{"taxonomy":"category","embeddable":true,"href":"https:\/\/www.acs-ami.com\/fr\/blog\/wp-json\/wp\/v2\/categories?post=5068"},{"taxonomy":"post_tag","embeddable":true,"href":"https:\/\/www.acs-ami.com\/fr\/blog\/wp-json\/wp\/v2\/tags?post=5068"}],"curies":[{"name":"wp","href":"https:\/\/api.w.org\/{rel}","templated":true}]}}